{"type": "video", "version": "1.0", "provider_name": "Lille.Pod", "provider_url": "https://pod.univ-lille.fr", "width": 640, "height": 360, "title": "Le march\u00e9 obligataire : march\u00e9 primaire et march\u00e9", "author_name": "David Verstraete", "author_url": "https://pod.univ-lille.fr/videos/?owner=david.verstraete", "html": "<iframe src=\"https://pod.univ-lille.fr/video/10727-le-marche-obligataire-marche-primaire-et-marche/?is_iframe=true\" width=\"640\" height=\"360\" style=\"padding: 0; margin: 0; border:0\" allowfullscreen loading='lazy'></iframe>", "thumbnail_url": "https:/media/cache/75/2a/752a5ba740317d8cc4ba988ea1d553b4.png", "thumbnail_width": 640, "thumbnail_height": 360}