{"type": "video", "version": "1.0", "provider_name": "Lille.Pod", "provider_url": "https://pod.univ-lille.fr", "width": 640, "height": 360, "title": "march\u00e9s d\u00e9riv\u00e9s, contrats \u00e0 terme, vid\u00e9o 9", "author_name": "Pascal Grandin", "author_url": "https://pod.univ-lille.fr/videos/?owner=pascal.grandin", "html": "<iframe src=\"https://pod.univ-lille.fr/video/11484-marches-derives-contrats-a-terme-video-9/?is_iframe=true\" width=\"640\" height=\"360\" style=\"padding: 0; margin: 0; border:0\" allowfullscreen loading='lazy'></iframe>", "thumbnail_url": "https:/media/cache/52/4f/524f7446edff71efa996d9314347f4d4.png", "thumbnail_width": 640, "thumbnail_height": 480}