{"type": "video", "version": "1.0", "provider_name": "Lille.Pod", "provider_url": "https://pod.univ-lille.fr", "width": 640, "height": 360, "title": "Lutte_Coll\u00e8ge du P\u00e9v\u00e8le_6\u00e8me.mp4", "author_name": "Lola Dewez", "author_url": "https://pod.univ-lille.fr/videos/?owner=lola.dewez.etu", "html": "<iframe src=\"https://pod.univ-lille.fr/video/41665-lutte_college-du-pevele_6ememp4/?is_iframe=true\" width=\"640\" height=\"360\" style=\"padding: 0; margin: 0; border:0\" allowfullscreen loading='lazy'></iframe>", "thumbnail_url": "https:/media/cache/02/b7/02b721858440f4f008afb082d6c4143a.png", "thumbnail_width": 640, "thumbnail_height": 360}