{"type": "video", "version": "1.0", "provider_name": "Lille.Pod", "provider_url": "https://pod.univ-lille.fr", "width": 640, "height": 360, "title": "[9-10] \u00c9thique - La r\u00e9flexion \u00e9thique.mp4", "author_name": "Neila Zeghli", "author_url": "https://pod.univ-lille.fr/videos/?owner=neila.zeghli", "html": "<iframe src=\"https://pod.univ-lille.fr/video/43881-9-10-ethique-la-reflexion-ethiquemp4/?is_iframe=true\" width=\"640\" height=\"360\" style=\"padding: 0; margin: 0; border:0\" allowfullscreen loading='lazy'></iframe>", "thumbnail_url": "https:/media/cache/e1/e1/e1e1bd25c50ebd372c97847974ba0ddc.png", "thumbnail_width": 640, "thumbnail_height": 360}