{"type": "video", "version": "1.0", "provider_name": "Lille.Pod", "provider_url": "https://pod.univ-lille.fr", "width": 640, "height": 360, "title": "Les g\u00e9rants salari\u00e9s et les travailleurs ind\u00e9pendants", "author_name": "Sandrine Vang", "author_url": "https://pod.univ-lille.fr/videos/?owner=sandrine.vang", "html": "<iframe src=\"https://pod.univ-lille.fr/video/45870-les-gerants-salaries-et-les-travailleurs-independants/?is_iframe=true\" width=\"640\" height=\"360\" style=\"padding: 0; margin: 0; border:0\" allowfullscreen loading='lazy'></iframe>", "thumbnail_url": "https:/media/cache/f3/9e/f39e6d592b694b6a216c2b5dc49f1d00.png", "thumbnail_width": 1280, "thumbnail_height": 720}